{"id":973,"date":"2026-04-06T13:04:05","date_gmt":"2026-04-06T11:04:05","guid":{"rendered":"https:\/\/aulacdecomo.it\/?p=973"},"modified":"2026-04-06T13:16:05","modified_gmt":"2026-04-06T11:16:05","slug":"forte-montecchio","status":"publish","type":"post","link":"https:\/\/aulacdecomo.it\/es\/forte-montecchio\/","title":{"rendered":"Forte Montecchio"},"content":{"rendered":"<p><!--more-->El Forte Montecchio es una fortaleza construida poco antes de la Primera Guerra Mundial. Sigui\u00f3 en uso hasta despu\u00e9s de la Segunda Guerra Mundial y es una de las fortalezas mejor conservadas de Europa.<\/p>\n<p>Su buen estado tambi\u00e9n se debe a que la fortaleza, aunque fue utilizada en ambas guerras mundiales, solo estuvo en combate durante dos d\u00edas. Hacia el final de la Segunda Guerra Mundial, los partisanos italianos capturaron la fortaleza. Apuntaron los ca\u00f1ones a los ocupantes alemanes y as\u00ed forzaron un acuerdo de retirada.<\/p>\n<p>Especialmente impresionantes son las enormes torretas de los ca\u00f1ones, que tambi\u00e9n est\u00e1n bien conservadas. Durante la visita guiada, estas todav\u00eda se pueden orientar utilizando manivelas mec\u00e1nicas.<\/p>\n<div id='gallery-5' class='gallery galleryid-973 gallery-columns-2 gallery-size-large'><figure class='gallery-item'>\n\t\t\t<div class='gallery-icon landscape'>\n\t\t\t\t<a href='https:\/\/aulacdecomo.it\/es\/forte-montecchio\/forte_montecchio_nord_1\/'><img loading=\"lazy\" decoding=\"async\" width=\"840\" height=\"630\" src=\"https:\/\/aulacdecomo.it\/wp-content\/uploads\/Forte_Montecchio_Nord_1-1024x768.jpg\" class=\"attachment-large size-large\" alt=\"Entry building to the fort\" srcset=\"https:\/\/aulacdecomo.it\/wp-content\/uploads\/Forte_Montecchio_Nord_1-1024x768.jpg 1024w, https:\/\/aulacdecomo.it\/wp-content\/uploads\/Forte_Montecchio_Nord_1-300x225.jpg 300w, https:\/\/aulacdecomo.it\/wp-content\/uploads\/Forte_Montecchio_Nord_1-1200x900.jpg 1200w, https:\/\/aulacdecomo.it\/wp-content\/uploads\/Forte_Montecchio_Nord_1.jpg 1280w\" sizes=\"auto, (max-width: 709px) 85vw, (max-width: 909px) 67vw, (max-width: 1362px) 62vw, 840px\" \/><\/a>\n\t\t\t<\/div><\/figure><figure class='gallery-item'>\n\t\t\t<div class='gallery-icon landscape'>\n\t\t\t\t<a href='https:\/\/aulacdecomo.it\/es\/forte-montecchio\/forte_di_montecchio_dormitorio_e_polveriera\/'><img loading=\"lazy\" decoding=\"async\" width=\"840\" height=\"456\" src=\"https:\/\/aulacdecomo.it\/wp-content\/uploads\/Forte_di_Montecchio_Dormitorio_e_Polveriera-1024x556.jpg\" class=\"attachment-large size-large\" alt=\"View on the barrack and the fort above\" srcset=\"https:\/\/aulacdecomo.it\/wp-content\/uploads\/Forte_di_Montecchio_Dormitorio_e_Polveriera-1024x556.jpg 1024w, https:\/\/aulacdecomo.it\/wp-content\/uploads\/Forte_di_Montecchio_Dormitorio_e_Polveriera-300x163.jpg 300w, https:\/\/aulacdecomo.it\/wp-content\/uploads\/Forte_di_Montecchio_Dormitorio_e_Polveriera-1200x652.jpg 1200w, https:\/\/aulacdecomo.it\/wp-content\/uploads\/Forte_di_Montecchio_Dormitorio_e_Polveriera.jpg 1280w\" sizes=\"auto, (max-width: 709px) 85vw, (max-width: 909px) 67vw, (max-width: 1362px) 62vw, 840px\" \/><\/a>\n\t\t\t<\/div><\/figure><figure class='gallery-item'>\n\t\t\t<div class='gallery-icon landscape'>\n\t\t\t\t<a href='https:\/\/aulacdecomo.it\/es\/forte-montecchio\/forte_montecchio_nord_colico\/'><img loading=\"lazy\" decoding=\"async\" width=\"840\" height=\"473\" src=\"https:\/\/aulacdecomo.it\/wp-content\/uploads\/Forte_Montecchio_Nord_Colico-1024x576.jpg\" class=\"attachment-large size-large\" alt=\"Inner court of the fort\" srcset=\"https:\/\/aulacdecomo.it\/wp-content\/uploads\/Forte_Montecchio_Nord_Colico-1024x576.jpg 1024w, https:\/\/aulacdecomo.it\/wp-content\/uploads\/Forte_Montecchio_Nord_Colico-300x169.jpg 300w, https:\/\/aulacdecomo.it\/wp-content\/uploads\/Forte_Montecchio_Nord_Colico-1200x675.jpg 1200w, https:\/\/aulacdecomo.it\/wp-content\/uploads\/Forte_Montecchio_Nord_Colico.jpg 1280w\" sizes=\"auto, (max-width: 709px) 85vw, (max-width: 909px) 67vw, (max-width: 1362px) 62vw, 840px\" \/><\/a>\n\t\t\t<\/div><\/figure>\n\t\t<\/div>\n\n<p>Las visitas solo son posibles con una visita guiada (a partir de 2026). Puede encontrar los horarios de apertura actuales en el <a href=\"https:\/\/www.fortemontecchionord.it\">sitio web del fuerte<\/a>. Los grupos m\u00e1s grandes tambi\u00e9n pueden solicitar una visita guiada separada.<\/p>\n<p>Una visita al Forte Montecchio tambi\u00e9n se puede combinar muy bien con una visita a las ruinas cercanas del Forte di Fuentes espa\u00f1ol del siglo XVII.<\/p>\n<p>El fuerte se encuentra a unos 15 minutos en coche del camping, a las afueras de Colico.<\/p>\n<div class=\"embed-privacy-container is-disabled embed-openstreetmap\" data-embed-id=\"oembed_5b594f774f1ceb371638489f37206eb4\" data-embed-provider=\"openstreetmap\" style=\"background-image: url(https:\/\/aulacdecomo.it\/wp-content\/uploads\/osm-screenshot.png?ver=1675006951); aspect-ratio: 425\/350;\">\t\t\t\t\t\t<button type=\"button\" class=\"embed-privacy-enable screen-reader-text\">Mostrar contenido de OpenStreetMap<\/button>\t\t\t\t\t\t<\/p>\n<div class=\"embed-privacy-overlay\">\n<div class=\"embed-privacy-inner\">\n<div class=\"embed-privacy-logo\" style=\"background-image: url(https:\/\/aulacdecomo.it\/wp-content\/uploads\/logo.png?ver=1675006949);\"><\/div>\n<p>\t\tHaga clic aqu\u00ed para visualizar el mapa incrustado de OpenStreetMap.\t\t\t\t\t<br \/>\t\t\t\t\tM\u00e1s informaci\u00f3n en la <a href=\"https:\/\/wiki.osmfoundation.org\/wiki\/Privacy_Policy\" target=\"_blank\">pol\u00edtica de privacidad de OpenStreetMap<\/a>.\t\t<\/p>\n<p class=\"embed-privacy-input-wrapper\">\t\t\t<input id=\"embed-privacy-store-openstreetmap-5b594f774f1ceb371638489f37206eb4\" type=\"checkbox\" value=\"1\" class=\"embed-privacy-input\" data-embed-provider=\"openstreetmap\">\t\t\t<label for=\"embed-privacy-store-openstreetmap-5b594f774f1ceb371638489f37206eb4\" class=\"embed-privacy-label\" data-embed-provider=\"openstreetmap\">\t\t\t\tMostrar siempre contenido de OpenStreetMap\t\t\t<\/label>\t\t<\/p>\n<\/p><\/div>\n<div class=\"embed-privacy-footer\"><span class=\"embed-privacy-url\"><a href=\"https:\/\/www.openstreetmap.org\/export\/embed.html?bbox=9.27675247192383%2C46.09384049441323%2C9.48772430419922%2C46.194459434572316&amp;layer=mapnik&amp;marker=46.14417295225592%2C9.382238388061523\">Open content directly<\/a><\/span><\/div>\n<\/p><\/div>\n<div class=\"embed-privacy-content\">\t\t\t\t<script>var _oembed_5b594f774f1ceb371638489f37206eb4 = '{\\\"embed\\\":\\\"&lt;iframe style=&quot;border: 1px solid black;&quot; src=&quot;https:\\\\\/\\\\\/www.openstreetmap.org\\\\\/export\\\\\/embed.html?bbox=9.27675247192383%2C46.09384049441323%2C9.48772430419922%2C46.194459434572316&amp;amp;layer=mapnik&amp;amp;marker=46.14417295225592%2C9.382238388061523&quot; width=&quot;425&quot; height=&quot;350&quot;&gt;&lt;span style=&quot;display: inline-block; width: 0px; overflow: hidden; line-height: 0;&quot; data-mce-type=&quot;bookmark&quot; class=&quot;mce_SELRES_start&quot;&gt;\\\\ufeff&lt;\\\\\/span&gt;&lt;\\\\\/iframe&gt;\\\"}';<\/script>\t\t\t<\/div>\n<\/p><\/div>\n<p><small><a href=\"https:\/\/www.openstreetmap.org\/?mlat=46.14417&amp;mlon=9.38224#map=13\/46.14417\/9.38224\">Ver un mapa m\u00e1s grande<\/a><\/small><\/p>","protected":false},"excerpt":{"rendered":"<p>Disculpa, pero esta entrada est\u00e1 disponible s\u00f3lo en Deutsch.<\/p>\n","protected":false},"author":2,"featured_media":983,"comment_status":"closed","ping_status":"closed","sticky":false,"template":"","format":"standard","meta":{"footnotes":""},"categories":[1],"tags":[7,8],"class_list":["post-973","post","type-post","status-publish","format-standard","has-post-thumbnail","hentry","category-allgemein","tag-historical","tag-sightseeing"],"_links":{"self":[{"href":"https:\/\/aulacdecomo.it\/es\/wp-json\/wp\/v2\/posts\/973","targetHints":{"allow":["GET"]}}],"collection":[{"href":"https:\/\/aulacdecomo.it\/es\/wp-json\/wp\/v2\/posts"}],"about":[{"href":"https:\/\/aulacdecomo.it\/es\/wp-json\/wp\/v2\/types\/post"}],"author":[{"embeddable":true,"href":"https:\/\/aulacdecomo.it\/es\/wp-json\/wp\/v2\/users\/2"}],"replies":[{"embeddable":true,"href":"https:\/\/aulacdecomo.it\/es\/wp-json\/wp\/v2\/comments?post=973"}],"version-history":[{"count":3,"href":"https:\/\/aulacdecomo.it\/es\/wp-json\/wp\/v2\/posts\/973\/revisions"}],"predecessor-version":[{"id":980,"href":"https:\/\/aulacdecomo.it\/es\/wp-json\/wp\/v2\/posts\/973\/revisions\/980"}],"wp:featuredmedia":[{"embeddable":true,"href":"https:\/\/aulacdecomo.it\/es\/wp-json\/wp\/v2\/media\/983"}],"wp:attachment":[{"href":"https:\/\/aulacdecomo.it\/es\/wp-json\/wp\/v2\/media?parent=973"}],"wp:term":[{"taxonomy":"category","embeddable":true,"href":"https:\/\/aulacdecomo.it\/es\/wp-json\/wp\/v2\/categories?post=973"},{"taxonomy":"post_tag","embeddable":true,"href":"https:\/\/aulacdecomo.it\/es\/wp-json\/wp\/v2\/tags?post=973"}],"curies":[{"name":"wp","href":"https:\/\/api.w.org\/{rel}","templated":true}]}}