{"id":973,"date":"2026-04-06T13:04:05","date_gmt":"2026-04-06T11:04:05","guid":{"rendered":"https:\/\/aulacdecomo.it\/?p=973"},"modified":"2026-04-06T13:16:05","modified_gmt":"2026-04-06T11:16:05","slug":"forte-montecchio","status":"publish","type":"post","link":"https:\/\/aulacdecomo.it\/fr\/forte-montecchio\/","title":{"rendered":"Forte Montecchio"},"content":{"rendered":"<p><!--more-->Le Forte Montecchio est une forteresse construite peu avant la Premi\u00e8re Guerre mondiale. Elle est rest\u00e9e en service jusqu&rsquo;apr\u00e8s la Seconde Guerre mondiale et figure parmi les forteresses les mieux conserv\u00e9es d&rsquo;Europe.<\/p>\n<p>Son bon \u00e9tat s&rsquo;explique \u00e9galement par le fait que, bien qu&rsquo;elle ait \u00e9t\u00e9 utilis\u00e9e lors des deux guerres mondiales, la forteresse n&rsquo;a connu que deux jours de combat. Vers la fin de la Seconde Guerre mondiale, des partisans italiens s&#8217;empar\u00e8rent de la forteresse. Ils braqu\u00e8rent les canons sur les occupants allemands et forc\u00e8rent ainsi un accord de retrait.<\/p>\n<p>Les immenses tourelles de canons, \u00e9galement bien conserv\u00e9es, sont particuli\u00e8rement impressionnantes. Pendant la visite guid\u00e9e, elles peuvent toujours \u00eatre orient\u00e9es \u00e0 l&rsquo;aide de manivelles m\u00e9caniques.<\/p>\n<div id='gallery-4' class='gallery galleryid-973 gallery-columns-2 gallery-size-large'><figure class='gallery-item'>\n\t\t\t<div class='gallery-icon landscape'>\n\t\t\t\t<a href='https:\/\/aulacdecomo.it\/fr\/forte-montecchio\/forte_montecchio_nord_1\/'><img loading=\"lazy\" decoding=\"async\" width=\"840\" height=\"630\" src=\"https:\/\/aulacdecomo.it\/wp-content\/uploads\/Forte_Montecchio_Nord_1-1024x768.jpg\" class=\"attachment-large size-large\" alt=\"Entry building to the fort\" srcset=\"https:\/\/aulacdecomo.it\/wp-content\/uploads\/Forte_Montecchio_Nord_1-1024x768.jpg 1024w, https:\/\/aulacdecomo.it\/wp-content\/uploads\/Forte_Montecchio_Nord_1-300x225.jpg 300w, https:\/\/aulacdecomo.it\/wp-content\/uploads\/Forte_Montecchio_Nord_1-1200x900.jpg 1200w, https:\/\/aulacdecomo.it\/wp-content\/uploads\/Forte_Montecchio_Nord_1.jpg 1280w\" sizes=\"auto, (max-width: 709px) 85vw, (max-width: 909px) 67vw, (max-width: 1362px) 62vw, 840px\" \/><\/a>\n\t\t\t<\/div><\/figure><figure class='gallery-item'>\n\t\t\t<div class='gallery-icon landscape'>\n\t\t\t\t<a href='https:\/\/aulacdecomo.it\/fr\/forte-montecchio\/forte_di_montecchio_dormitorio_e_polveriera\/'><img loading=\"lazy\" decoding=\"async\" width=\"840\" height=\"456\" src=\"https:\/\/aulacdecomo.it\/wp-content\/uploads\/Forte_di_Montecchio_Dormitorio_e_Polveriera-1024x556.jpg\" class=\"attachment-large size-large\" alt=\"View on the barrack and the fort above\" srcset=\"https:\/\/aulacdecomo.it\/wp-content\/uploads\/Forte_di_Montecchio_Dormitorio_e_Polveriera-1024x556.jpg 1024w, https:\/\/aulacdecomo.it\/wp-content\/uploads\/Forte_di_Montecchio_Dormitorio_e_Polveriera-300x163.jpg 300w, https:\/\/aulacdecomo.it\/wp-content\/uploads\/Forte_di_Montecchio_Dormitorio_e_Polveriera-1200x652.jpg 1200w, https:\/\/aulacdecomo.it\/wp-content\/uploads\/Forte_di_Montecchio_Dormitorio_e_Polveriera.jpg 1280w\" sizes=\"auto, (max-width: 709px) 85vw, (max-width: 909px) 67vw, (max-width: 1362px) 62vw, 840px\" \/><\/a>\n\t\t\t<\/div><\/figure><figure class='gallery-item'>\n\t\t\t<div class='gallery-icon landscape'>\n\t\t\t\t<a href='https:\/\/aulacdecomo.it\/fr\/forte-montecchio\/forte_montecchio_nord_colico\/'><img loading=\"lazy\" decoding=\"async\" width=\"840\" height=\"473\" src=\"https:\/\/aulacdecomo.it\/wp-content\/uploads\/Forte_Montecchio_Nord_Colico-1024x576.jpg\" class=\"attachment-large size-large\" alt=\"Inner court of the fort\" srcset=\"https:\/\/aulacdecomo.it\/wp-content\/uploads\/Forte_Montecchio_Nord_Colico-1024x576.jpg 1024w, https:\/\/aulacdecomo.it\/wp-content\/uploads\/Forte_Montecchio_Nord_Colico-300x169.jpg 300w, https:\/\/aulacdecomo.it\/wp-content\/uploads\/Forte_Montecchio_Nord_Colico-1200x675.jpg 1200w, https:\/\/aulacdecomo.it\/wp-content\/uploads\/Forte_Montecchio_Nord_Colico.jpg 1280w\" sizes=\"auto, (max-width: 709px) 85vw, (max-width: 909px) 67vw, (max-width: 1362px) 62vw, 840px\" \/><\/a>\n\t\t\t<\/div><\/figure>\n\t\t<\/div>\n\n<p>Les visites ne sont possibles qu&rsquo;avec un guide (en date de 2026). Vous trouverez les heures d&rsquo;ouverture actuelles sur le <a href=\"https:\/\/www.fortemontecchionord.it\">site web du fort<\/a>. Les grands groupes peuvent \u00e9galement demander une visite guid\u00e9e s\u00e9par\u00e9e.<\/p>\n<p>Une visite au Forte Montecchio peut \u00e9galement \u00eatre facilement combin\u00e9e avec une visite des ruines voisines du Forte di Fuentes espagnol datant du 17\u00e8me si\u00e8cle.<\/p>\n<p>Le fort est situ\u00e9 \u00e0 environ 15 minutes en voiture du camping, \u00e0 la p\u00e9riph\u00e9rie de Colico.<\/p>\n<div class=\"embed-privacy-container is-disabled embed-openstreetmap\" data-embed-id=\"oembed_5ebacd55817e79f283df9b260cc29fca\" data-embed-provider=\"openstreetmap\" style=\"background-image: url(https:\/\/aulacdecomo.it\/wp-content\/uploads\/osm-screenshot.png?ver=1675006951); aspect-ratio: 425\/350;\">\t\t\t\t\t\t<button type=\"button\" class=\"embed-privacy-enable screen-reader-text\">Display content from OpenStreetMap<\/button>\t\t\t\t\t\t<\/p>\n<div class=\"embed-privacy-overlay\">\n<div class=\"embed-privacy-inner\">\n<div class=\"embed-privacy-logo\" style=\"background-image: url(https:\/\/aulacdecomo.it\/wp-content\/uploads\/logo.png?ver=1675006949);\"><\/div>\n<p>\t\tCliquez ici pour afficher la carte int\u00e9gr\u00e9e d&rsquo;OpenStreetMap.\t\t\t\t\t<br \/>\t\t\t\t\tLearn more in <a href=\"https:\/\/wiki.osmfoundation.org\/wiki\/Privacy_Policy\" target=\"_blank\">OpenStreetMap\u2019s privacy policy<\/a>.\t\t<\/p>\n<p class=\"embed-privacy-input-wrapper\">\t\t\t<input id=\"embed-privacy-store-openstreetmap-5ebacd55817e79f283df9b260cc29fca\" type=\"checkbox\" value=\"1\" class=\"embed-privacy-input\" data-embed-provider=\"openstreetmap\">\t\t\t<label for=\"embed-privacy-store-openstreetmap-5ebacd55817e79f283df9b260cc29fca\" class=\"embed-privacy-label\" data-embed-provider=\"openstreetmap\">\t\t\t\tAlways display content from OpenStreetMap\t\t\t<\/label>\t\t<\/p>\n<\/p><\/div>\n<div class=\"embed-privacy-footer\"><span class=\"embed-privacy-url\"><a href=\"https:\/\/www.openstreetmap.org\/export\/embed.html?bbox=9.27675247192383%2C46.09384049441323%2C9.48772430419922%2C46.194459434572316&amp;layer=mapnik&amp;marker=46.14417295225592%2C9.382238388061523\">Open content directly<\/a><\/span><\/div>\n<\/p><\/div>\n<div class=\"embed-privacy-content\">\t\t\t\t<script>var _oembed_5ebacd55817e79f283df9b260cc29fca = '{\\\"embed\\\":\\\"&lt;iframe style=&quot;border: 1px solid black;&quot; src=&quot;https:\\\\\/\\\\\/www.openstreetmap.org\\\\\/export\\\\\/embed.html?bbox=9.27675247192383%2C46.09384049441323%2C9.48772430419922%2C46.194459434572316&amp;amp;layer=mapnik&amp;amp;marker=46.14417295225592%2C9.382238388061523&quot; width=&quot;425&quot; height=&quot;350&quot;&gt;&lt;span style=&quot;display: inline-block; width: 0px; overflow: hidden; line-height: 0;&quot; data-mce-type=&quot;bookmark&quot; class=&quot;mce_SELRES_start&quot;&gt;\\\\ufeff&lt;\\\\\/span&gt;&lt;\\\\\/iframe&gt;\\\"}';<\/script>\t\t\t<\/div>\n<\/p><\/div>\n<p><small><a href=\"https:\/\/www.openstreetmap.org\/?mlat=46.14417&amp;mlon=9.38224#map=13\/46.14417\/9.38224\">Afficher une carte plus grande<\/a><\/small><\/p>","protected":false},"excerpt":{"rendered":"<p>D\u00e9sol\u00e9, cet article est seulement disponible en Deutsch.<\/p>\n","protected":false},"author":2,"featured_media":983,"comment_status":"closed","ping_status":"closed","sticky":false,"template":"","format":"standard","meta":{"footnotes":""},"categories":[1],"tags":[7,8],"class_list":["post-973","post","type-post","status-publish","format-standard","has-post-thumbnail","hentry","category-allgemein","tag-historical","tag-sightseeing"],"_links":{"self":[{"href":"https:\/\/aulacdecomo.it\/fr\/wp-json\/wp\/v2\/posts\/973","targetHints":{"allow":["GET"]}}],"collection":[{"href":"https:\/\/aulacdecomo.it\/fr\/wp-json\/wp\/v2\/posts"}],"about":[{"href":"https:\/\/aulacdecomo.it\/fr\/wp-json\/wp\/v2\/types\/post"}],"author":[{"embeddable":true,"href":"https:\/\/aulacdecomo.it\/fr\/wp-json\/wp\/v2\/users\/2"}],"replies":[{"embeddable":true,"href":"https:\/\/aulacdecomo.it\/fr\/wp-json\/wp\/v2\/comments?post=973"}],"version-history":[{"count":3,"href":"https:\/\/aulacdecomo.it\/fr\/wp-json\/wp\/v2\/posts\/973\/revisions"}],"predecessor-version":[{"id":980,"href":"https:\/\/aulacdecomo.it\/fr\/wp-json\/wp\/v2\/posts\/973\/revisions\/980"}],"wp:featuredmedia":[{"embeddable":true,"href":"https:\/\/aulacdecomo.it\/fr\/wp-json\/wp\/v2\/media\/983"}],"wp:attachment":[{"href":"https:\/\/aulacdecomo.it\/fr\/wp-json\/wp\/v2\/media?parent=973"}],"wp:term":[{"taxonomy":"category","embeddable":true,"href":"https:\/\/aulacdecomo.it\/fr\/wp-json\/wp\/v2\/categories?post=973"},{"taxonomy":"post_tag","embeddable":true,"href":"https:\/\/aulacdecomo.it\/fr\/wp-json\/wp\/v2\/tags?post=973"}],"curies":[{"name":"wp","href":"https:\/\/api.w.org\/{rel}","templated":true}]}}